{"id":18488,"date":"2019-07-16T17:16:56","date_gmt":"2019-07-16T15:16:56","guid":{"rendered":"https:\/\/lapomera.com\/?p=18488"},"modified":"2019-08-16T23:51:14","modified_gmt":"2019-08-16T21:51:14","slug":"fete-patronale-de-vilaller","status":"publish","type":"post","link":"https:\/\/lapomera.com\/fr\/fete-patronale-de-vilaller\/","title":{"rendered":"F\u00eate patronale de Vilaller"},"content":{"rendered":"<div class=\"wpb-content-wrapper\"><p>[vc_row css_animation=\u00a0\u00bb\u00a0\u00bb row_type=\u00a0\u00bbrow\u00a0\u00bb use_row_as_full_screen_section=\u00a0\u00bbno\u00a0\u00bb type=\u00a0\u00bbfull_width\u00a0\u00bb angled_section=\u00a0\u00bbno\u00a0\u00bb text_align=\u00a0\u00bbleft\u00a0\u00bb background_image_as_pattern=\u00a0\u00bbwithout_pattern\u00a0\u00bb][vc_column][vc_column_text]<span lang=\"CA\">Les f\u00eates patronales d\u00e9rivent de nos traditions. Elles soulignent un fait ou, comme c\u2019est le cas de Vialler, honorent le patron de Sant Roc et la M\u00e8re de Dieu.\u00a0<\/span><\/p>\n<p>Le 15 ao\u00fbt on c\u00e9l\u00e8bre dans notre village la f\u00eate plus importante de toute l\u2019ann\u00e9e, point de rencontre de tous les gens qui vivent au village et de ceux qui, par raisons diff\u00e9rentes, vivent dehors de Vilaller.[\/vc_column_text][vc_separator type=\u00a0\u00bbtransparent\u00a0\u00bb up=\u00a0\u00bb2&Prime; down=\u00a0\u00bb0&Prime;][vc_separator type=\u00a0\u00bbtransparent\u00a0\u00bb up=\u00a0\u00bb3&Prime; down=\u00a0\u00bb0&Prime;][vc_column_text]Le 15, jour de la M\u00e8re de Dieu, c\u2019est le jour o\u00f9 on danse El Tarero, une danse traditionnelle dans\u00e9 par les majordomes c\u00e9libataires avec une fille de la famille. Les majordomes sont nomm\u00e9s par la commission de f\u00eates et le dernier jour de la f\u00eate on fait le changement de majordomes, \u00e9tant nomm\u00e9s ceux de l\u2019ann\u00e9e prochaine. Cette danse perp\u00e9tue une tradition qui date de beaucoup de si\u00e8cles.[\/vc_column_text][\/vc_column][\/vc_row]<\/p>\n<\/div>","protected":false},"excerpt":{"rendered":"<p>Les f\u00eates patronales d\u00e9rivent de nos traditions. Elles soulignent un fait ou, comme c\u2019est le cas de Vialler, honorent le patron de Sant Roc et la M\u00e8re de Dieu.\u00a0<\/p>\n<p>Le 15 ao\u00fbt on c\u00e9l\u00e8bre dans notre village la f\u00eate plus importante de toute l\u2019ann\u00e9e, point de rencontre de tous les gens qui vivent au village et de ceux qui, par raisons diff\u00e9rentes, vivent dehors de Vilaller.<\/p>\n","protected":false},"author":2,"featured_media":18602,"comment_status":"open","ping_status":"open","sticky":false,"template":"","format":"standard","meta":{"footnotes":""},"categories":[101],"tags":[],"class_list":["post-18488","post","type-post","status-publish","format-standard","has-post-thumbnail","hentry","category-non-classifiee"],"_links":{"self":[{"href":"https:\/\/lapomera.com\/fr\/wp-json\/wp\/v2\/posts\/18488"}],"collection":[{"href":"https:\/\/lapomera.com\/fr\/wp-json\/wp\/v2\/posts"}],"about":[{"href":"https:\/\/lapomera.com\/fr\/wp-json\/wp\/v2\/types\/post"}],"author":[{"embeddable":true,"href":"https:\/\/lapomera.com\/fr\/wp-json\/wp\/v2\/users\/2"}],"replies":[{"embeddable":true,"href":"https:\/\/lapomera.com\/fr\/wp-json\/wp\/v2\/comments?post=18488"}],"version-history":[{"count":2,"href":"https:\/\/lapomera.com\/fr\/wp-json\/wp\/v2\/posts\/18488\/revisions"}],"predecessor-version":[{"id":18608,"href":"https:\/\/lapomera.com\/fr\/wp-json\/wp\/v2\/posts\/18488\/revisions\/18608"}],"wp:featuredmedia":[{"embeddable":true,"href":"https:\/\/lapomera.com\/fr\/wp-json\/wp\/v2\/media\/18602"}],"wp:attachment":[{"href":"https:\/\/lapomera.com\/fr\/wp-json\/wp\/v2\/media?parent=18488"}],"wp:term":[{"taxonomy":"category","embeddable":true,"href":"https:\/\/lapomera.com\/fr\/wp-json\/wp\/v2\/categories?post=18488"},{"taxonomy":"post_tag","embeddable":true,"href":"https:\/\/lapomera.com\/fr\/wp-json\/wp\/v2\/tags?post=18488"}],"curies":[{"name":"wp","href":"https:\/\/api.w.org\/{rel}","templated":true}]}}