{"id":18485,"date":"2019-07-16T17:12:41","date_gmt":"2019-07-16T15:12:41","guid":{"rendered":"https:\/\/lapomera.com\/?p=18485"},"modified":"2019-08-16T23:53:02","modified_gmt":"2019-08-16T21:53:02","slug":"roda-de-isabena","status":"publish","type":"post","link":"https:\/\/lapomera.com\/fr\/roda-de-isabena\/","title":{"rendered":"Roda de Is\u00e1bena"},"content":{"rendered":"<div class=\"wpb-content-wrapper\"><p>[vc_row css_animation=\u00a0\u00bb\u00a0\u00bb row_type=\u00a0\u00bbrow\u00a0\u00bb use_row_as_full_screen_section=\u00a0\u00bbno\u00a0\u00bb type=\u00a0\u00bbfull_width\u00a0\u00bb angled_section=\u00a0\u00bbno\u00a0\u00bb text_align=\u00a0\u00bbleft\u00a0\u00bb background_image_as_pattern=\u00a0\u00bbwithout_pattern\u00a0\u00bb][vc_column][vc_column_text]Roda de Is\u00e1bena est une de nos excursions pr\u00e9f\u00e9r\u00e9es pour l\u2019apr\u00e8s-midi. Ce village, <a href=\"https:\/\/www.google.es\/maps\/dir\/Vilaller\/22482+Roda+de+Is%C3%A1bena,+Huesca\/@42.382872,0.55241,12z\/data=!3m1!4b1!4m13!4m12!1m5!1m1!1s0x12a628d65ea2e8ef:0xeab9c03733932bdd!2m2!1d0.7170556!2d42.4769739!1m5!1m1!1s0x12a7cbdeee4cbc21:0xa018c67a2b5f5d0!2m2!1d0.52\">\u00e0 40 km de Vilaller<\/a>, est situ\u00e9 dans la partie \u00e9lev\u00e9e d\u2019une petite montagne \u00e0 c\u00f4t\u00e9 de la rivi\u00e8re Is\u00e1bena, dans la canton de la Ribagor\u00e7a Aragonesa.[\/vc_column_text][vc_separator type=\u00a0\u00bbtransparent\u00a0\u00bb up=\u00a0\u00bb2&Prime; down=\u00a0\u00bb0&Prime;]<blockquote class=' with_quote_icon' style=''><i class='fa fa-quote-right' style=''><\/i><h5 class='blockquote-text' style=''>Notre visite pr\u00e9f\u00e9r\u00e9e est celle du Clo\u00eetre de la Cath\u00e9drale, avec une plante trap\u00e9zoidale et des arcs en plein cintre d\u00e9cor\u00e9s avec des fresques.<\/h5><\/blockquote>[vc_separator type=\u00a0\u00bbtransparent\u00a0\u00bb up=\u00a0\u00bb3&Prime; down=\u00a0\u00bb0&Prime;][vc_column_text]\u00c0 moiti\u00e9 du si\u00e8cle X Roda est devenue le si\u00e8ge episcopal, ce qui lui a fourni une certaine splendeur qu\u2019encore aujourd\u2019hui on peut appr\u00e9cier.<\/p>\n<p>Le village conserve des souvenirs de son riche pass\u00e9 et, si on se prom\u00e8ne tranquillement par ses rues, on arrivera \u00e0 la Cath\u00e9drale de Sant Vicent M\u00e0rtir, une autre merveille romane lombarde tr\u00e8s int\u00e9ressante et ouverte au public.<\/p>\n<p>Notre visite pr\u00e9f\u00e9r\u00e9e est celle du Clo\u00eetre de la Cath\u00e9drale, avec une plante trap\u00e9zoidale et des arcs en plein cintre d\u00e9cor\u00e9s avec des fresques. C\u2019est le clo\u00eetre plus important d\u2019Europe par rapport au nombre d\u2019inscriptions fun\u00e9raries: 191 r\u00e9f\u00e9rences. \u00c0 l\u2019int\u00e9rieur du clo\u00eetre on y trouve un restaurant o\u00f9 on peut manger tr\u00e8s bien avec un prix tr\u00e8s convenable.[\/vc_column_text][\/vc_column][\/vc_row]<\/p>\n<\/div>","protected":false},"excerpt":{"rendered":"<p>Roda de Is\u00e1bena est une de nos excursions pr\u00e9f\u00e9r\u00e9es pour l\u2019apr\u00e8s-midi. Ce village, \u00e0 40 km de Vilaller, est situ\u00e9 dans la partie \u00e9lev\u00e9e d\u2019une petite montagne \u00e0 c\u00f4t\u00e9 de la rivi\u00e8re Is\u00e1bena, dans la canton de la Ribagor\u00e7a Aragonesa.<\/p>\n","protected":false},"author":2,"featured_media":18218,"comment_status":"open","ping_status":"open","sticky":false,"template":"","format":"standard","meta":{"footnotes":""},"categories":[101],"tags":[],"class_list":["post-18485","post","type-post","status-publish","format-standard","has-post-thumbnail","hentry","category-non-classifiee"],"_links":{"self":[{"href":"https:\/\/lapomera.com\/fr\/wp-json\/wp\/v2\/posts\/18485"}],"collection":[{"href":"https:\/\/lapomera.com\/fr\/wp-json\/wp\/v2\/posts"}],"about":[{"href":"https:\/\/lapomera.com\/fr\/wp-json\/wp\/v2\/types\/post"}],"author":[{"embeddable":true,"href":"https:\/\/lapomera.com\/fr\/wp-json\/wp\/v2\/users\/2"}],"replies":[{"embeddable":true,"href":"https:\/\/lapomera.com\/fr\/wp-json\/wp\/v2\/comments?post=18485"}],"version-history":[{"count":4,"href":"https:\/\/lapomera.com\/fr\/wp-json\/wp\/v2\/posts\/18485\/revisions"}],"predecessor-version":[{"id":18610,"href":"https:\/\/lapomera.com\/fr\/wp-json\/wp\/v2\/posts\/18485\/revisions\/18610"}],"wp:featuredmedia":[{"embeddable":true,"href":"https:\/\/lapomera.com\/fr\/wp-json\/wp\/v2\/media\/18218"}],"wp:attachment":[{"href":"https:\/\/lapomera.com\/fr\/wp-json\/wp\/v2\/media?parent=18485"}],"wp:term":[{"taxonomy":"category","embeddable":true,"href":"https:\/\/lapomera.com\/fr\/wp-json\/wp\/v2\/categories?post=18485"},{"taxonomy":"post_tag","embeddable":true,"href":"https:\/\/lapomera.com\/fr\/wp-json\/wp\/v2\/tags?post=18485"}],"curies":[{"name":"wp","href":"https:\/\/api.w.org\/{rel}","templated":true}]}}