{"id":18468,"date":"2019-07-15T19:01:55","date_gmt":"2019-07-15T17:01:55","guid":{"rendered":"https:\/\/lapomera.com\/?p=18468"},"modified":"2019-07-15T19:05:15","modified_gmt":"2019-07-15T17:05:15","slug":"sports","status":"publish","type":"post","link":"https:\/\/lapomera.com\/fr\/sports\/","title":{"rendered":"Sports"},"content":{"rendered":"<div class=\"wpb-content-wrapper\"><p>[vc_row css_animation=\u00a0\u00bb\u00a0\u00bb row_type=\u00a0\u00bbrow\u00a0\u00bb use_row_as_full_screen_section=\u00a0\u00bbno\u00a0\u00bb type=\u00a0\u00bbfull_width\u00a0\u00bb angled_section=\u00a0\u00bbno\u00a0\u00bb text_align=\u00a0\u00bbleft\u00a0\u00bb background_image_as_pattern=\u00a0\u00bbwithout_pattern\u00a0\u00bb][vc_column][vc_column_text]<span lang=\"CA\">\u00a0Vous aimez le sport? La comp\u00e9tition, \u00eatre en forme? On vous propose quelques activit\u00e9s sportives organis\u00e9es dans notre r\u00e9gion:<\/span><\/p>\n<p>[\/vc_column_text][vc_column_text]Mai:<u><a href=\"https:\/\/www.caraamon.com\/?lang=es\">Cara Amon<\/a><\/u>. C\u2019est la coupe catalane de courses verticales organis\u00e9e par la FEEC avec 4,7 km. Il faut vaincre 1.380 m\u00e8tres de d\u00e9nivel\u00e9 positif arrivant au pic de Roies de Cardet, avec una \u00e9blouissante vue de la Vall de Bo\u00ed, la Vall de Senet et l\u2019Aneto, avec le Vallibierna au fond et le majestueux Aneto. D\u2019autre part, il y a des vues de la r\u00e9gion du Pont de Suert, avec le marais d\u2019Escales au fond de la vall\u00e9e.<\/p>\n<p>Juillet:<\/p>\n<p><u><a href=\"http:\/\/www.triatlo.org\/competicions\/informacio\/?idcompeticio=190290\">Triathlon du Pont de Suert<\/a><\/u>. \u00c0 10 km, au Pont de Suert, s\u2019organise chaque ann\u00e9e un triathlon olympique avec des distances de 1.500 m\u00e8tres de natation au marais d\u2019Escales, 40 km de cyclisme en route en croisant la Vall de Bo\u00ed et une course dans le circuit urbain du Pont de Suert de 10 km.<\/p>\n<p><u><a href=\"http:\/\/www.buffepictrail.com\/es\">Buff Epic Trail<\/a>\u00a0\u00c0<\/u>\u00a0Barruera, avec des parcours de 68 km et de 5.000 m\u00e8tres de d\u00e9nivel\u00e9 positif, 42 km et 2.800 m\u00e8tres de d\u00e9nivel\u00e9, 26 km et 1.800 m\u00e8tres de d\u00e9nivel\u00e9 et celui de 12 km avec 480 m\u00e8tres de d\u00e9nivel\u00e9 positif. Les courses traversent des sentiers de montagne situ\u00e9s toujours autour du Parc Nacional d\u2019Aig\u00fcestortes i Estany de Sant Maurici. Tr\u00e8s r\u00e9command\u00e9 de passer un weekend de sport, musique, gastronomie pour toute la famille.<\/p>\n<p>Septembre:<u><a href=\"https:\/\/granfondolafalla.com\/\">La Falla<\/a><\/u>, une proposition pour les cyclotouristes de la maison. Une marche avec le v\u00e9lo de route avec d\u00e9but et final cette ann\u00e9e 2019 au m\u00eame village de Vilaller. Deux routes, une de 100 km avec environ 2.500 m\u00e8tres de d\u00e9nivel\u00e9 positif, et una autre route, pour les plus courageux, de 150 km et 3.500 m\u00e8tres de d\u00e9nivel\u00e9 accumul\u00e9. Une bonne \u00e9tape pour les jambes![\/vc_column_text][\/vc_column][\/vc_row]<\/p>\n<\/div>","protected":false},"excerpt":{"rendered":"<p>Els agrada l&rsquo;esport? La competici\u00f3, estar en forma? Els proposem algunes activitats esportives organitzades en el nostre zona.<\/p>\n","protected":false},"author":2,"featured_media":0,"comment_status":"open","ping_status":"open","sticky":false,"template":"","format":"standard","meta":{"footnotes":""},"categories":[101],"tags":[],"class_list":["post-18468","post","type-post","status-publish","format-standard","hentry","category-non-classifiee"],"_links":{"self":[{"href":"https:\/\/lapomera.com\/fr\/wp-json\/wp\/v2\/posts\/18468"}],"collection":[{"href":"https:\/\/lapomera.com\/fr\/wp-json\/wp\/v2\/posts"}],"about":[{"href":"https:\/\/lapomera.com\/fr\/wp-json\/wp\/v2\/types\/post"}],"author":[{"embeddable":true,"href":"https:\/\/lapomera.com\/fr\/wp-json\/wp\/v2\/users\/2"}],"replies":[{"embeddable":true,"href":"https:\/\/lapomera.com\/fr\/wp-json\/wp\/v2\/comments?post=18468"}],"version-history":[{"count":2,"href":"https:\/\/lapomera.com\/fr\/wp-json\/wp\/v2\/posts\/18468\/revisions"}],"predecessor-version":[{"id":18471,"href":"https:\/\/lapomera.com\/fr\/wp-json\/wp\/v2\/posts\/18468\/revisions\/18471"}],"wp:attachment":[{"href":"https:\/\/lapomera.com\/fr\/wp-json\/wp\/v2\/media?parent=18468"}],"wp:term":[{"taxonomy":"category","embeddable":true,"href":"https:\/\/lapomera.com\/fr\/wp-json\/wp\/v2\/categories?post=18468"},{"taxonomy":"post_tag","embeddable":true,"href":"https:\/\/lapomera.com\/fr\/wp-json\/wp\/v2\/tags?post=18468"}],"curies":[{"name":"wp","href":"https:\/\/api.w.org\/{rel}","templated":true}]}}