{"id":18453,"date":"2019-07-05T08:18:02","date_gmt":"2019-07-05T06:18:02","guid":{"rendered":"https:\/\/lapomera.com\/?p=18453"},"modified":"2019-07-15T18:37:38","modified_gmt":"2019-07-15T16:37:38","slug":"romanic","status":"publish","type":"post","link":"https:\/\/lapomera.com\/fr\/romanic\/","title":{"rendered":"Le roman \u2013 culture"},"content":{"rendered":"<div class=\"wpb-content-wrapper\"><p>[vc_row css_animation=\u00a0\u00bb\u00a0\u00bb row_type=\u00a0\u00bbrow\u00a0\u00bb use_row_as_full_screen_section=\u00a0\u00bbno\u00a0\u00bb type=\u00a0\u00bbfull_width\u00a0\u00bb angled_section=\u00a0\u00bbno\u00a0\u00bb text_align=\u00a0\u00bbleft\u00a0\u00bb background_image_as_pattern=\u00a0\u00bbwithout_pattern\u00a0\u00bb][vc_column][vc_column_text]La visite \u00e0 l\u2019ensemble des <a href=\"https:\/\/fr.wikipedia.org\/wiki\/\u00c9glises_romanes_de_la_Vall_de_Bo%C3%AD\">\u00c9glises romanes de la Vall de Bo\u00ed<\/a>, declar\u00e9 Patrimoine de l\u2019Humanit\u00e9 par l\u2019UNESCO, est une des merveilles qui est devenue une visite recommand\u00e9e pour notres h\u00f4tes[\/vc_column_text][vc_separator type=\u00a0\u00bbtransparent\u00a0\u00bb up=\u00a0\u00bb2&Prime; down=\u00a0\u00bb0&Prime;]<blockquote class=' with_quote_icon' style=''><i class='fa fa-quote-right' style=''><\/i><h5 class='blockquote-text' style=''>La peinture originale remonte au 12\u00e8me si\u00e8cle et est actuellement conserv\u00e9e au Mus\u00e9e national d'art de Catalogne situ\u00e9 \u00e0 Barcelone (MNAC). <\/h5><\/blockquote>[vc_separator type=\u00a0\u00bbtransparent\u00a0\u00bb up=\u00a0\u00bb3&Prime; down=\u00a0\u00bb0&Prime;][vc_column_text]Les \u00e9glises qui forment partie de patrimoine de l\u2019Humanit\u00e9 sont 9 et elles sont distribu\u00e9es parmi les diff\u00e9rents villages de la Vall de Bo\u00ed, comme Barruera, Durro, Eril la Vall, etc. <strong><a href=\"http:\/\/www.centreromanic.com\/fr\/booking?feedback_url=http%3A%2F%2Fwww.centreromanic.com%2Ffr%2Fbooking&amp;presentation_mode=1&amp;planyo_lang=fr&amp;resource_id=39363&amp;mode=resource_desc\">Ici<\/a>\u00a0<\/strong>on vous laisse un lien web o\u00f9 vous pourrez acheter les billets pour les visites des \u00e9glises nomm\u00e9es.<\/p>\n<p>Notre point faible, si vous nous permetez, est l\u2019\u00e9glise de Sant Climent de Ta\u00fcll. Peut-\u00eatre \u00e0 cause de sa plante basilicale, de ses trois nefs s\u00e9par\u00e9es par des rangs de colonnes ou bien par son clocher de six \u00e9tages d\u2019hauteur, la visite au temple est r\u00e9ellement sp\u00e9ciale. Les peintures des murs int\u00e9rieurs ont \u00e9t\u00e9 transport\u00e9es au Museu Nacional d\u2019Art de Catalunya pour leur protection et conservation. De toute fa\u00e7on, on peut observer dedans des restes de peintures originales.<\/p>\n<p>Pendant la visite \u00e0 Sant Climent de Ta\u00fcll, il est vivement r\u00e9command\u00e9 admirer <a href=\"http:\/\/www.centreromanic.com\/es\/noticia\/mapping-narrado-en-sant-climent-de-ta\u00fcll\"><strong>le Mapping de Sant Climent<\/strong><\/a>, une pr\u00e9sentation innovatrice \u00e0 partir des derni\u00e8res technologies de vid\u00e9o mapping qui r\u00e9cr\u00e9ent les fresques originales de l\u2019abside et le presbyt\u00e9rium de la nef centrale. La peinture originale date du si\u00e8cle XII et \u00e0 present elle est conserv\u00e9e au Museu Nacional d\u2019Art de Catalunya (MNAC) \u00e0 Barcelone. C\u2019est int\u00e9ressant pouvoir voir comme l\u2019image projet\u00e9e au murs encaisse parfaitement avec les originaux qu\u2019on peut voir \u00e0 l\u2019\u00e9glise. C\u2019est tr\u00e8s remarcable pouvoir pressentir comment les fresques ont \u00e9t\u00e9 peints, parce que la r\u00e9cr\u00e9ation simule le processus parfaitement.<\/p>\n<p><a href=\"https:\/\/fr.wikipedia.org\/wiki\/\u00c9glise_Sant_Climent_de_Ta\u00fcll\">Le Pantocrator<\/a>, que vous pourrez admirer compl\u00e8tement \u00e0 travers du Mapping, repr\u00e9sente la \u201cmanifestation de Dieu\u201d. Sur les \u00e9paules sont d\u00e9ssin\u00e9es les lettres alpha et omega, qui symbolisent le d\u00e9but et la fin. La main droite est lev\u00e9e en signe de b\u00e9n\u00e9diction; tandis que la main gauche aguanta le livre des \u00e9critures. Dans ce livre on peut lire \u201cEgo sum lux mundi\u201d qui signifie \u201cJe suis la lumi\u00e8re\u201d.[\/vc_column_text][\/vc_column][\/vc_row][vc_row css_animation=\u00a0\u00bb\u00a0\u00bb row_type=\u00a0\u00bbrow\u00a0\u00bb use_row_as_full_screen_section=\u00a0\u00bbno\u00a0\u00bb type=\u00a0\u00bbfull_width\u00a0\u00bb angled_section=\u00a0\u00bbno\u00a0\u00bb text_align=\u00a0\u00bbleft\u00a0\u00bb background_image_as_pattern=\u00a0\u00bbwithout_pattern\u00a0\u00bb][vc_column][vc_gallery type=\u00a0\u00bbimage_grid\u00a0\u00bb images=\u00a0\u00bb17541,17537,17529&Prime; column_number=\u00a0\u00bb4&Prime; grayscale=\u00a0\u00bbno\u00a0\u00bb images_space=\u00a0\u00bbgallery_with_space\u00a0\u00bb][\/vc_column][\/vc_row][vc_row css_animation=\u00a0\u00bb\u00a0\u00bb row_type=\u00a0\u00bbrow\u00a0\u00bb use_row_as_full_screen_section=\u00a0\u00bbno\u00a0\u00bb type=\u00a0\u00bbfull_width\u00a0\u00bb angled_section=\u00a0\u00bbno\u00a0\u00bb text_align=\u00a0\u00bbleft\u00a0\u00bb background_image_as_pattern=\u00a0\u00bbwithout_pattern\u00a0\u00bb][vc_column][vc_column_text]<\/p>\n<!--[if lt IE 9]><script>document.createElement('video');<\/script><![endif]-->\n\t<div class=\"wp-playlist wp-video-playlist wp-playlist-light\">\n\t\t<video controls=\"controls\" preload=\"none\" width=\"1038\"\n\t\t height=\"1845\"\t><\/video>\n\t<div class=\"wp-playlist-next\"><\/div>\n\t<div class=\"wp-playlist-prev\"><\/div>\n\t<noscript>\n\t<ol>\n\t\t<li><a href='https:\/\/lapomera.com\/wp-content\/uploads\/2018\/11\/20131216_161252-1.mp4'>20131216_161252<\/a><\/li><li><a href='https:\/\/lapomera.com\/wp-content\/uploads\/2018\/11\/20131216_161137-1.mp4'>20131216_161137<\/a><\/li>\t<\/ol>\n\t<\/noscript>\n\t<script type=\"application\/json\" class=\"wp-playlist-script\">{\"type\":\"video\",\"tracklist\":true,\"tracknumbers\":true,\"images\":true,\"artists\":true,\"tracks\":[{\"src\":\"https:\\\/\\\/lapomera.com\\\/wp-content\\\/uploads\\\/2018\\\/11\\\/20131216_161252-1.mp4\",\"type\":\"video\\\/mp4\",\"title\":\"20131216_161252\",\"caption\":\"\",\"description\":\"\",\"meta\":{\"length_formatted\":\"0:17\"},\"dimensions\":{\"original\":{\"width\":1080,\"height\":1920},\"resized\":{\"width\":1038,\"height\":1845}},\"image\":{\"src\":\"https:\\\/\\\/lapomera.com\\\/wp-includes\\\/images\\\/media\\\/video.svg\",\"width\":48,\"height\":64},\"thumb\":{\"src\":\"https:\\\/\\\/lapomera.com\\\/wp-includes\\\/images\\\/media\\\/video.svg\",\"width\":48,\"height\":64}},{\"src\":\"https:\\\/\\\/lapomera.com\\\/wp-content\\\/uploads\\\/2018\\\/11\\\/20131216_161137-1.mp4\",\"type\":\"video\\\/mp4\",\"title\":\"20131216_161137\",\"caption\":\"\",\"description\":\"\",\"meta\":{\"length_formatted\":\"0:26\"},\"dimensions\":{\"original\":{\"width\":1080,\"height\":1920},\"resized\":{\"width\":1038,\"height\":1845}},\"image\":{\"src\":\"https:\\\/\\\/lapomera.com\\\/wp-includes\\\/images\\\/media\\\/video.svg\",\"width\":48,\"height\":64},\"thumb\":{\"src\":\"https:\\\/\\\/lapomera.com\\\/wp-includes\\\/images\\\/media\\\/video.svg\",\"width\":48,\"height\":64}}]}<\/script>\n<\/div>\n\t\n<p>[\/vc_column_text][\/vc_column][\/vc_row]<\/p>\n<\/div>","protected":false},"excerpt":{"rendered":"<p>La visita al conjunt d\u2019Esgl\u00e9sies rom\u00e0niques de la Vall de Bo\u00ed, declarat Patrimoni de la Humanitat per la Unesco, \u00e9s una altra de les aut\u00e8ntiques meravelles que s\u2019han convertit en visita recomanada pels nostres hostes.<\/p>\n","protected":false},"author":1,"featured_media":18112,"comment_status":"open","ping_status":"open","sticky":false,"template":"","format":"standard","meta":{"footnotes":""},"categories":[101],"tags":[],"class_list":["post-18453","post","type-post","status-publish","format-standard","has-post-thumbnail","hentry","category-non-classifiee"],"_links":{"self":[{"href":"https:\/\/lapomera.com\/fr\/wp-json\/wp\/v2\/posts\/18453"}],"collection":[{"href":"https:\/\/lapomera.com\/fr\/wp-json\/wp\/v2\/posts"}],"about":[{"href":"https:\/\/lapomera.com\/fr\/wp-json\/wp\/v2\/types\/post"}],"author":[{"embeddable":true,"href":"https:\/\/lapomera.com\/fr\/wp-json\/wp\/v2\/users\/1"}],"replies":[{"embeddable":true,"href":"https:\/\/lapomera.com\/fr\/wp-json\/wp\/v2\/comments?post=18453"}],"version-history":[{"count":7,"href":"https:\/\/lapomera.com\/fr\/wp-json\/wp\/v2\/posts\/18453\/revisions"}],"predecessor-version":[{"id":18461,"href":"https:\/\/lapomera.com\/fr\/wp-json\/wp\/v2\/posts\/18453\/revisions\/18461"}],"wp:featuredmedia":[{"embeddable":true,"href":"https:\/\/lapomera.com\/fr\/wp-json\/wp\/v2\/media\/18112"}],"wp:attachment":[{"href":"https:\/\/lapomera.com\/fr\/wp-json\/wp\/v2\/media?parent=18453"}],"wp:term":[{"taxonomy":"category","embeddable":true,"href":"https:\/\/lapomera.com\/fr\/wp-json\/wp\/v2\/categories?post=18453"},{"taxonomy":"post_tag","embeddable":true,"href":"https:\/\/lapomera.com\/fr\/wp-json\/wp\/v2\/tags?post=18453"}],"curies":[{"name":"wp","href":"https:\/\/api.w.org\/{rel}","templated":true}]}}