{"id":18213,"date":"2018-12-05T10:19:17","date_gmt":"2018-12-05T08:19:17","guid":{"rendered":"http:\/\/lapomera.com\/?p=18213"},"modified":"2018-12-05T10:23:34","modified_gmt":"2018-12-05T08:23:34","slug":"festa-major-de-vilaller","status":"publish","type":"post","link":"https:\/\/lapomera.com\/es\/festa-major-de-vilaller\/","title":{"rendered":"Fiesta mayor de Vilaller"},"content":{"rendered":"<div class=\"wpb-content-wrapper\"><p>[vc_row css_animation=\u00bb\u00bb row_type=\u00bbrow\u00bb use_row_as_full_screen_section=\u00bbno\u00bb type=\u00bbfull_width\u00bb angled_section=\u00bbno\u00bb text_align=\u00bbleft\u00bb background_image_as_pattern=\u00bbwithout_pattern\u00bb][vc_column][vc_column_text]Las Fiestas Mayores forman parte de nuestra tradici\u00f3n. Conmemora un hecho o, como es el caso de Vilaller, honran al patr\u00f3n San Roc y la Virgen Mar\u00eda. El 15 de agosto celebramos en nuestro pueblo la fiesta m\u00e1s importante de todo el a\u00f1o, punto de encuentro de gente que vive en el pueblo y de los que por diversas razones viven fuera.[\/vc_column_text][vc_separator type=\u00bbtransparent\u00bb up=\u00bb2&#8243; down=\u00bb0&#8243;][vc_separator type=\u00bbtransparent\u00bb up=\u00bb3&#8243; down=\u00bb0&#8243;][vc_column_text]El d\u00eda 15, d\u00eda de la Virgen, es el d\u00eda del Tatero, una danza tradicional bailada por los mayordomos solteros con una pareja formada por una chica de la familia. Los mayordomos son llamados por la comisi\u00f3n de fiestas y el \u00faltimo d\u00eda de la fiesta se procede al cambio de mayordomos siendo designados los del a\u00f1o pr\u00f3ximo. Este baile perpet\u00faa una tradici\u00f3n que viene de siglos atr\u00e1s.[\/vc_column_text][\/vc_column][\/vc_row]<\/p>\n<\/div>","protected":false},"excerpt":{"rendered":"<p>Las Fiestas Mayores forman parte de nuestra tradici\u00f3n. Conmemora un hecho o, como es el caso de Vilaller, honran al patr\u00f3n San Roc y la Virgen Mar\u00eda. El 15 de agosto celebramos en nuestro pueblo la fiesta m\u00e1s importante de todo el a\u00f1o, punto de encuentro de gente que vive en el pueblo y de los que por diversas razones viven fuera.<\/p>\n","protected":false},"author":1,"featured_media":18603,"comment_status":"open","ping_status":"open","sticky":false,"template":"","format":"standard","meta":{"footnotes":""},"categories":[115,113],"tags":[135,137],"class_list":["post-18213","post","type-post","status-publish","format-standard","has-post-thumbnail","hentry","category-destacados-home","category-eventos","tag-business-es","tag-trends-es"],"_links":{"self":[{"href":"https:\/\/lapomera.com\/es\/wp-json\/wp\/v2\/posts\/18213"}],"collection":[{"href":"https:\/\/lapomera.com\/es\/wp-json\/wp\/v2\/posts"}],"about":[{"href":"https:\/\/lapomera.com\/es\/wp-json\/wp\/v2\/types\/post"}],"author":[{"embeddable":true,"href":"https:\/\/lapomera.com\/es\/wp-json\/wp\/v2\/users\/1"}],"replies":[{"embeddable":true,"href":"https:\/\/lapomera.com\/es\/wp-json\/wp\/v2\/comments?post=18213"}],"version-history":[{"count":2,"href":"https:\/\/lapomera.com\/es\/wp-json\/wp\/v2\/posts\/18213\/revisions"}],"predecessor-version":[{"id":18221,"href":"https:\/\/lapomera.com\/es\/wp-json\/wp\/v2\/posts\/18213\/revisions\/18221"}],"wp:featuredmedia":[{"embeddable":true,"href":"https:\/\/lapomera.com\/es\/wp-json\/wp\/v2\/media\/18603"}],"wp:attachment":[{"href":"https:\/\/lapomera.com\/es\/wp-json\/wp\/v2\/media?parent=18213"}],"wp:term":[{"taxonomy":"category","embeddable":true,"href":"https:\/\/lapomera.com\/es\/wp-json\/wp\/v2\/categories?post=18213"},{"taxonomy":"post_tag","embeddable":true,"href":"https:\/\/lapomera.com\/es\/wp-json\/wp\/v2\/tags?post=18213"}],"curies":[{"name":"wp","href":"https:\/\/api.w.org\/{rel}","templated":true}]}}