{"id":17421,"date":"2018-10-23T14:48:30","date_gmt":"2018-10-23T12:48:30","guid":{"rendered":"http:\/\/lapomera.com\/trail-running\/"},"modified":"2019-08-15T22:32:06","modified_gmt":"2019-08-15T20:32:06","slug":"deporte","status":"publish","type":"post","link":"https:\/\/lapomera.com\/es\/deporte\/","title":{"rendered":"Deporte"},"content":{"rendered":"<div class=\"wpb-content-wrapper\"><p>[vc_row css_animation=\u00bb\u00bb row_type=\u00bbrow\u00bb use_row_as_full_screen_section=\u00bbno\u00bb type=\u00bbfull_width\u00bb angled_section=\u00bbno\u00bb text_align=\u00bbleft\u00bb background_image_as_pattern=\u00bbwithout_pattern\u00bb][vc_column][vc_column_text]<\/p>\n<p class=\"p1\">\u00bfLes gusta el deporte? \u00bfLa competici\u00f3n, estar en forma? Les proponemos algunas actividades deportivas organizadas en nuestra zona:<\/p>\n<p>[\/vc_column_text][vc_column_text]Mayo: <a href=\"https:\/\/www.caraamon.com\/\">CARA AMON<\/a>. Copa Catalana de carreras verticales organizada por la FEEC con 4,7 kms debe vencer un desnivel positivo de 1.380 mtrs llegando al pico Roies de Cardet, con una preciosa vista del Valle de Bo\u00ed, el Valle de Senet y Aneto con el Vallibierna al fondo y el majestuoso Aneto. Por otro lado tenemos unas vistas de la zona de Pont de Suert, con el pantano de Escales al fondo del valle.<\/p>\n<p>Julio: <a href=\"https:\/\/tritour.cat\/es\/pontdesuert-es\">Triatl\u00f3n de Pont de Suert<\/a>. A 10 minutos escasos, en la localidad de Pont de Suert, organiza cada a\u00f1o un triatl\u00f3n ol\u00edmpico con unas distancias de 1.500 metros de nataci\u00f3n en el pantano de Escales, 40 Kms de ciclismo en la ruta que cruza el Valle de Bo\u00ed y una carrera en el circuito urbano de Pont de Suert de 10 kms.<\/p>\n<p><a href=\"http:\/\/www.buffepictrail.com\/\">Buff Epic Trail<\/a> en Barruera, con recorridos de 68 Kms y 5.000 metros de desnivel positivo, 42 Kms y 2.800 de desnivel, 26 Kms y 1.800 de desnivel y la de 12 Kms, con 480 metros de desnivel positivo. Carreras que transcurren por senderos de monta\u00f1a ubicados siempre alrededor del Parque Nacional de Aig\u00fcestortes y Lago de San Mauricio. Muy aconsejable pasar un fin de semana de deporte, m\u00fasica, gastronom\u00eda para toda la familia.<\/p>\n<p>Septiembre: <a href=\"https:\/\/granfondolafalla.com\/\">La Falla,<\/a> una propuesta para los cicloturistas de la casa. Una marcha en bicicleta de carretera con inicio y final este a\u00f1o 2019 en el mismo pueblo de Vilaller. Dos rutas, una ruta de unos 100 Kms con unos 2.500 mtrs de desnivel positivo y otra ruta, por los m\u00e1s valientes, de unos 150 kms y unos 3.500 mtrs de desnivel acumulado, una buena apretada de piernas![\/vc_column_text][\/vc_column][\/vc_row]<\/p>\n<\/div>","protected":false},"excerpt":{"rendered":"<p>\u00bfLes gusta el deporte? \u00bfLa competici\u00f3n, estar en forma? Les proponemos algunas actividades deportivas organizadas en nuestra zona.<\/p>\n","protected":false},"author":1,"featured_media":0,"comment_status":"open","ping_status":"open","sticky":false,"template":"","format":"standard","meta":{"footnotes":""},"categories":[115,113],"tags":[135,137],"class_list":["post-17421","post","type-post","status-publish","format-standard","hentry","category-destacados-home","category-eventos","tag-business-es","tag-trends-es"],"_links":{"self":[{"href":"https:\/\/lapomera.com\/es\/wp-json\/wp\/v2\/posts\/17421"}],"collection":[{"href":"https:\/\/lapomera.com\/es\/wp-json\/wp\/v2\/posts"}],"about":[{"href":"https:\/\/lapomera.com\/es\/wp-json\/wp\/v2\/types\/post"}],"author":[{"embeddable":true,"href":"https:\/\/lapomera.com\/es\/wp-json\/wp\/v2\/users\/1"}],"replies":[{"embeddable":true,"href":"https:\/\/lapomera.com\/es\/wp-json\/wp\/v2\/comments?post=17421"}],"version-history":[{"count":7,"href":"https:\/\/lapomera.com\/es\/wp-json\/wp\/v2\/posts\/17421\/revisions"}],"predecessor-version":[{"id":18598,"href":"https:\/\/lapomera.com\/es\/wp-json\/wp\/v2\/posts\/17421\/revisions\/18598"}],"wp:attachment":[{"href":"https:\/\/lapomera.com\/es\/wp-json\/wp\/v2\/media?parent=17421"}],"wp:term":[{"taxonomy":"category","embeddable":true,"href":"https:\/\/lapomera.com\/es\/wp-json\/wp\/v2\/categories?post=17421"},{"taxonomy":"post_tag","embeddable":true,"href":"https:\/\/lapomera.com\/es\/wp-json\/wp\/v2\/tags?post=17421"}],"curies":[{"name":"wp","href":"https:\/\/api.w.org\/{rel}","templated":true}]}}