{"id":17346,"date":"2013-10-04T15:57:28","date_gmt":"2013-10-04T15:57:28","guid":{"rendered":"http:\/\/lapomera.com\/roda-de-isabena\/"},"modified":"2018-12-05T10:19:29","modified_gmt":"2018-12-05T08:19:29","slug":"roda-de-isabena","status":"publish","type":"post","link":"https:\/\/lapomera.com\/es\/roda-de-isabena\/","title":{"rendered":"Roda de Is\u00e1bena"},"content":{"rendered":"<div class=\"wpb-content-wrapper\"><p>[vc_row css_animation=\u00bb\u00bb row_type=\u00bbrow\u00bb use_row_as_full_screen_section=\u00bbno\u00bb type=\u00bbfull_width\u00bb angled_section=\u00bbno\u00bb text_align=\u00bbleft\u00bb background_image_as_pattern=\u00bbwithout_pattern\u00bb][vc_column][vc_column_text]<\/p>\n<p class=\"p1\">Roda de Is\u00e1bena es una de nuestras excursiones de tarde favoritas. Este pueblo, <a href=\"https:\/\/www.google.es\/maps\/dir\/Vilaller\/22482+Roda+de+Is%C3%A1bena,+Huesca\/@42.382872,0.55241,12z\/data=!3m1!4b1!4m13!4m12!1m5!1m1!1s0x12a628d65ea2e8ef:0xeab9c03733932bdd!2m2!1d0.7170556!2d42.4769739!1m5!1m1!1s0x12a7cbdeee4cbc21:0xa018c67a2b5f5d0!2m2!1d0.52\">situado a 40 kms de Vilaller<\/a>, est\u00e1 ubicado en lo alto de una peque\u00f1a monta\u00f1a al lado del r\u00edo Is\u00e1bena, en la comarca de la Ribagorza Aragonesa.<\/p>\n<p>[\/vc_column_text][vc_separator type=\u00bbtransparent\u00bb up=\u00bb2&#8243; down=\u00bb0&#8243;]<blockquote class=' with_quote_icon' style=''><i class='fa fa-quote-right' style=''><\/i><h5 class='blockquote-text' style=''>Nuestra visita preferida es la del Claustro de la Catedral, de planta trapezoidal y arcos de medio punto decorado con pinturas murales.<\/h5><\/blockquote>[vc_separator type=\u00bbtransparent\u00bb up=\u00bb3&#8243; down=\u00bb0&#8243;][vc_column_text]A mediados de siglo X Roda se convirti\u00f3 en sede episcopal d\u00e1ndole un cierto esplendor que a\u00fan hoy en d\u00eda podremos apreciar.<\/p>\n<p>Conserva el pueblo recuerdos de su rico pasado y caminando tranquilamente por sus calles llegaremos a la <a href=\"https:\/\/es.wikipedia.org\/wiki\/Catedral_de_San_Vicente_de_Roda_de_Is%C3%A1bena\">Catedral de San Vicente M\u00e1rtir<\/a>, otra catedral rom\u00e1nica lombarda muy interesante y abierta al p\u00fablico para visitar.<\/p>\n<p class=\"p1\">Nuestra visita preferida es la del Claustro de la Catedral, de planta trapezoidal y arcos de medio punto decorado con pinturas murales. Es el claustro m\u00e1s importante de Europa en cuanto al n\u00famero de inscripciones funerarias con 191 referencias. Dentro del claustro encontraremos un restaurante d\u00f3nde podremos comer muy bien y por un presupuesto muy ajustado.<\/p>\n<p>[\/vc_column_text][\/vc_column][\/vc_row]<\/p>\n<\/div>","protected":false},"excerpt":{"rendered":"<p>Roda de Is\u00e1bena es una de nuestras excursiones de tarde favoritas. Este pueblo, situado a 40 kms de Vilaller, est\u00e1 ubicado en lo alto de una peque\u00f1a monta\u00f1a al lado del r\u00edo Is\u00e1bena, en la comarca de la Ribagorza Aragonesa.<\/p>\n","protected":false},"author":1,"featured_media":18215,"comment_status":"open","ping_status":"open","sticky":false,"template":"","format":"standard","meta":{"footnotes":""},"categories":[114],"tags":[128,131],"class_list":["post-17346","post","type-post","status-publish","format-standard","has-post-thumbnail","hentry","category-actividades","tag-art-es","tag-culture-es"],"_links":{"self":[{"href":"https:\/\/lapomera.com\/es\/wp-json\/wp\/v2\/posts\/17346"}],"collection":[{"href":"https:\/\/lapomera.com\/es\/wp-json\/wp\/v2\/posts"}],"about":[{"href":"https:\/\/lapomera.com\/es\/wp-json\/wp\/v2\/types\/post"}],"author":[{"embeddable":true,"href":"https:\/\/lapomera.com\/es\/wp-json\/wp\/v2\/users\/1"}],"replies":[{"embeddable":true,"href":"https:\/\/lapomera.com\/es\/wp-json\/wp\/v2\/comments?post=17346"}],"version-history":[{"count":4,"href":"https:\/\/lapomera.com\/es\/wp-json\/wp\/v2\/posts\/17346\/revisions"}],"predecessor-version":[{"id":18166,"href":"https:\/\/lapomera.com\/es\/wp-json\/wp\/v2\/posts\/17346\/revisions\/18166"}],"wp:featuredmedia":[{"embeddable":true,"href":"https:\/\/lapomera.com\/es\/wp-json\/wp\/v2\/media\/18215"}],"wp:attachment":[{"href":"https:\/\/lapomera.com\/es\/wp-json\/wp\/v2\/media?parent=17346"}],"wp:term":[{"taxonomy":"category","embeddable":true,"href":"https:\/\/lapomera.com\/es\/wp-json\/wp\/v2\/categories?post=17346"},{"taxonomy":"post_tag","embeddable":true,"href":"https:\/\/lapomera.com\/es\/wp-json\/wp\/v2\/tags?post=17346"}],"curies":[{"name":"wp","href":"https:\/\/api.w.org\/{rel}","templated":true}]}}